
{"id":628,"date":"2015-12-18T11:21:40","date_gmt":"2015-12-18T11:21:40","guid":{"rendered":"http:\/\/www.claudiakaiser.es\/?p=628"},"modified":"2020-11-05T11:00:58","modified_gmt":"2020-11-05T11:00:58","slug":"clases-de-apoyo-al-postparto","status":"publish","type":"post","link":"https:\/\/www.claudiakaiser.es\/?p=628","title":{"rendered":"Clases de apoyo al postparto"},"content":{"rendered":"<p>&nbsp;<\/p>\n<p>El postparto es m\u00e1s que la cuarentena,<br \/>\nPara la mayor\u00eda de nosotros son m e s e s,&#8230;.de acostumbrarse a vivir con un beb\u00e9, a convertirnos en familia.<\/p>\n<p>Madres, padres cansados, consultas de lactancia materna, llantos, \u00a8malas noches\u00a8 mil y una duda&#8230;<\/p>\n<p>aqu\u00ed os dejo un enlace para que ve\u00e1is el programa de APOYO AL POSTPARTO .<\/p>\n<h4><a href=\"https:\/\/drive.google.com\/a\/claudiakaiser.es\/file\/d\/0B0V94mk1a5PGV2N5TEpJTEEtNENFeElPRHd0cWQxLVVNWi1B\/view?usp=sharing\">Clases de apoyo al postparto<\/a><\/h4>\n","protected":false},"excerpt":{"rendered":"<p>&nbsp; El postparto es m\u00e1s que la cuarentena, Para la mayor\u00eda de nosotros son m e s e s,&#8230;.de acostumbrarse a vivir con un beb\u00e9, a convertirnos en familia. Madres, padres cansados, consultas de lactancia materna, llantos, \u00a8malas noches\u00a8 mil y una duda&#8230; aqu\u00ed os dejo un enlace para que ve\u00e1is el programa de APOYO &hellip; <\/p>\n","protected":false},"author":760,"featured_media":795,"comment_status":"open","ping_status":"open","sticky":false,"template":"","format":"standard","meta":{"_monsterinsights_skip_tracking":false,"_monsterinsights_sitenote_active":false,"_monsterinsights_sitenote_note":"","_monsterinsights_sitenote_category":0,"footnotes":""},"categories":[1],"tags":[],"class_list":["post-628","post","type-post","status-publish","format-standard","has-post-thumbnail","hentry","category-cursos-y-grupos"],"_links":{"self":[{"href":"https:\/\/www.claudiakaiser.es\/index.php?rest_route=\/wp\/v2\/posts\/628","targetHints":{"allow":["GET"]}}],"collection":[{"href":"https:\/\/www.claudiakaiser.es\/index.php?rest_route=\/wp\/v2\/posts"}],"about":[{"href":"https:\/\/www.claudiakaiser.es\/index.php?rest_route=\/wp\/v2\/types\/post"}],"author":[{"embeddable":true,"href":"https:\/\/www.claudiakaiser.es\/index.php?rest_route=\/wp\/v2\/users\/760"}],"replies":[{"embeddable":true,"href":"https:\/\/www.claudiakaiser.es\/index.php?rest_route=%2Fwp%2Fv2%2Fcomments&post=628"}],"version-history":[{"count":3,"href":"https:\/\/www.claudiakaiser.es\/index.php?rest_route=\/wp\/v2\/posts\/628\/revisions"}],"predecessor-version":[{"id":796,"href":"https:\/\/www.claudiakaiser.es\/index.php?rest_route=\/wp\/v2\/posts\/628\/revisions\/796"}],"wp:featuredmedia":[{"embeddable":true,"href":"https:\/\/www.claudiakaiser.es\/index.php?rest_route=\/wp\/v2\/media\/795"}],"wp:attachment":[{"href":"https:\/\/www.claudiakaiser.es\/index.php?rest_route=%2Fwp%2Fv2%2Fmedia&parent=628"}],"wp:term":[{"taxonomy":"category","embeddable":true,"href":"https:\/\/www.claudiakaiser.es\/index.php?rest_route=%2Fwp%2Fv2%2Fcategories&post=628"},{"taxonomy":"post_tag","embeddable":true,"href":"https:\/\/www.claudiakaiser.es\/index.php?rest_route=%2Fwp%2Fv2%2Ftags&post=628"}],"curies":[{"name":"wp","href":"https:\/\/api.w.org\/{rel}","templated":true}]}}