
{"id":560,"date":"2015-02-22T20:31:35","date_gmt":"2015-02-22T20:31:35","guid":{"rendered":"http:\/\/www.claudiakaiser.es\/?p=560"},"modified":"2020-11-05T10:34:31","modified_gmt":"2020-11-05T10:34:31","slug":"vuelve-cafe-mama","status":"publish","type":"post","link":"https:\/\/www.claudiakaiser.es\/?p=560","title":{"rendered":"Vuelve \u00abCaf\u00e9 Mam\u00e1\u00bb"},"content":{"rendered":"<p><strong>Caf\u00e9 Mam\u00e1<\/strong><\/p>\n<p>El \u00abGrupo mam\u00e1 pap\u00e1 beb\u00e9\u00bb que llevo ofreciendo desde hace a\u00f1os de manera abierta y gratuita en mi casa por fin vuelve a abrir sus puertas . Las reuniones&nbsp;tambi\u00e9n se conocen como \u00abCaf\u00e9 Mam\u00e1\u00bb, ser\u00e1 porque el otro t\u00edtulo es un poco largo o porque en C\u00e1diz le dan un apodo a todo, &nbsp;tal vez porque las que ven\u00edan con sus beb\u00e9s en su gran mayor\u00eda eran las madres. Sea como sea, \u00a1estais invitados madres, padres y beb\u00e9s! No importa si ten\u00e9is \u00abbeb\u00e9 dentro o beb\u00e9 fuera \u00bb &#8230; ; )<\/p>\n<p><strong>\u00a1Bienvenidas las embarazadas! &nbsp;&#8230;pod\u00e9is hacer todas vuestras preguntas : )&nbsp;<\/strong><\/p>\n<p><em id=\"__mceDel\">&nbsp; &nbsp;<\/em><em id=\"__mceDel\"><em>Puedes conocer&nbsp;a otra gente, a la matrona, &nbsp;pasarlo bien , charlando, jugando con los beb\u00e9s. Estamos en el suelo para acompa\u00f1ar a los beb\u00e9s ofreci\u00e9ndoles espacio y libertad de movimiento.&nbsp;Ofrezco mi asesoramiento profesional a las embrazadas, a las madres lactantes. &nbsp;Los temas que se tratan en las reuniones siempre son las que surgen del grupo, de cada una y cada uno.&nbsp;<strong>&nbsp;<\/strong><\/em><\/em><\/p>\n<div>Las reuniones son abiertas y gratuitas, una vez al mes. &nbsp;Les pido que me llamen o escriban antes de acudir<\/div>\n<div>para darles instrucciones como llegar&nbsp;y\/o confirmar que en la misma ma\u00f1ana haya reuni\u00f3n. \u00bfPorqu\u00e9 ? &nbsp;\u00a1Porque casi siempre estoy de guardia para un parto!<\/div>\n<div><\/div>\n<p><strong><a title=\"cafe mam\u00e1\" href=\"http:\/\/www.claudiakaiser.es\/wp-content\/uploads\/2014\/01\/la-foto1.jpg\"><img loading=\"lazy\" decoding=\"async\" class=\"alignleft size-thumbnail wp-image-440\" style=\"border: 2px solid white;\" alt=\"Caf\u00e9 mam\u00e1\" src=\"http:\/\/www.claudiakaiser.es\/wp-content\/uploads\/2014\/01\/la-foto1-150x150.jpg\" width=\"150\" height=\"150\"><\/a><\/strong><\/p>\n<div><strong>Caf\u00e9 mam\u00e1 en marzo<\/strong>&nbsp;: jueves,&nbsp;&nbsp;5 de marzo ,&nbsp;11-13h<\/div>\n<div><strong>Caf\u00e9 mam\u00e1 en abril<\/strong>&nbsp;: jueves , 2 de abril &nbsp;11-13h<\/div>\n<div><\/div>\n<div><\/div>\n<div><\/div>\n<div><\/div>\n<div>Nota : La reuni\u00f3n est\u00e1 en mi casa. Puede que est\u00e1 mi familia y parte de ella forman los gatos. Te aviso en caso de que tengas alergia.<\/div>\n<div><\/div>\n","protected":false},"excerpt":{"rendered":"<p>Caf\u00e9 Mam\u00e1 El \u00abGrupo mam\u00e1 pap\u00e1 beb\u00e9\u00bb que llevo ofreciendo desde hace a\u00f1os de manera abierta y gratuita en mi casa por fin vuelve a abrir sus puertas . Las reuniones&nbsp;tambi\u00e9n se conocen como \u00abCaf\u00e9 Mam\u00e1\u00bb, ser\u00e1 porque el otro t\u00edtulo es un poco largo o porque en C\u00e1diz le dan un apodo a todo, &hellip; <\/p>\n","protected":false},"author":760,"featured_media":440,"comment_status":"open","ping_status":"open","sticky":false,"template":"","format":"standard","meta":{"_monsterinsights_skip_tracking":false,"_monsterinsights_sitenote_active":false,"_monsterinsights_sitenote_note":"","_monsterinsights_sitenote_category":0,"footnotes":""},"categories":[1],"tags":[],"class_list":["post-560","post","type-post","status-publish","format-standard","has-post-thumbnail","hentry","category-cursos-y-grupos"],"_links":{"self":[{"href":"https:\/\/www.claudiakaiser.es\/index.php?rest_route=\/wp\/v2\/posts\/560","targetHints":{"allow":["GET"]}}],"collection":[{"href":"https:\/\/www.claudiakaiser.es\/index.php?rest_route=\/wp\/v2\/posts"}],"about":[{"href":"https:\/\/www.claudiakaiser.es\/index.php?rest_route=\/wp\/v2\/types\/post"}],"author":[{"embeddable":true,"href":"https:\/\/www.claudiakaiser.es\/index.php?rest_route=\/wp\/v2\/users\/760"}],"replies":[{"embeddable":true,"href":"https:\/\/www.claudiakaiser.es\/index.php?rest_route=%2Fwp%2Fv2%2Fcomments&post=560"}],"version-history":[{"count":5,"href":"https:\/\/www.claudiakaiser.es\/index.php?rest_route=\/wp\/v2\/posts\/560\/revisions"}],"predecessor-version":[{"id":772,"href":"https:\/\/www.claudiakaiser.es\/index.php?rest_route=\/wp\/v2\/posts\/560\/revisions\/772"}],"wp:featuredmedia":[{"embeddable":true,"href":"https:\/\/www.claudiakaiser.es\/index.php?rest_route=\/wp\/v2\/media\/440"}],"wp:attachment":[{"href":"https:\/\/www.claudiakaiser.es\/index.php?rest_route=%2Fwp%2Fv2%2Fmedia&parent=560"}],"wp:term":[{"taxonomy":"category","embeddable":true,"href":"https:\/\/www.claudiakaiser.es\/index.php?rest_route=%2Fwp%2Fv2%2Fcategories&post=560"},{"taxonomy":"post_tag","embeddable":true,"href":"https:\/\/www.claudiakaiser.es\/index.php?rest_route=%2Fwp%2Fv2%2Ftags&post=560"}],"curies":[{"name":"wp","href":"https:\/\/api.w.org\/{rel}","templated":true}]}}