
{"id":546,"date":"2015-01-04T17:51:54","date_gmt":"2015-01-04T17:51:54","guid":{"rendered":"http:\/\/www.claudiakaiser.es\/?p=546"},"modified":"2020-11-05T10:35:09","modified_gmt":"2020-11-05T10:35:09","slug":"lo-que-pensamos-y-lo-que-es","status":"publish","type":"post","link":"https:\/\/www.claudiakaiser.es\/?p=546","title":{"rendered":":::: Un parto de nalgas en casa  Breech home birth  :::::::"},"content":{"rendered":"<p style=\"text-align: justify;\">Cuando un beb\u00e9 en la recta final del embarazo est\u00e1 de nalgas, pensamos que es un problema. intentamos que se de la vuelta. Cuando estudiamos la historia de la familia encontramos que la madre y una de sus hermana han nacido de nalgas, nos damos cuenta de que el mundo tambien esta poblado de gente que ha nacido de nalgas. Antes era aceptado y hab\u00eda matronas y m\u00e9dicos que sab\u00edan atender.<\/p>\n<p style=\"text-align: justify;\"><strong>\u00bf C\u00f3mo aprendes a atender a partos de nalgas? <\/strong><\/p>\n<p style=\"text-align: justify;\">Estudiando y haci\u00e9ndolo. Lo hice pues. Cuando pensamos que no se iba a dar la vuelta y se di\u00f3 la vuelta, era la semana 41. Cuando pensamos que iba a nacer en cef\u00e1lica, en la semana 42 con unos d\u00edas, la madre se puso de parto. Me confund\u00ed, y pens\u00e9 que aquello que tocaba (al hacer tacto vaginal) era una bolsa prominente o un caput succedaneum ( inflamaci\u00f3n de la zona de la coronilla del beb\u00e9 en el camino del nacimiento ) . Pero eran las nalgas del beb\u00e9. Y naci\u00f3 en poco tiempo con algo de ayuda para los brazos y la cabeza, en el agua , la madre estando a gatas.<\/p>\n<p style=\"text-align: justify;\">Necesit\u00f3 ayuda para respirar, le reanim\u00e9. Empez\u00f3 a respirar en nuestros brazos&#8230;. \u00a1qu\u00e9 gratitud ! qu\u00e9 alivio ! Cuando pensamos que todo estaba estable, se desestabiliz\u00f3 la madre y fuimos al hospital.<br \/>\nY se recuper\u00f3 la madre. Cuando pensamos que el beb\u00e9 estaba estable, empez\u00f3 de nuevo a tener dificultad de respirar. Quedaron ingresados y al d\u00eda siguiente de nacer el beb\u00e9 fue trasladado a C\u00e1diz para cuidados y tratamiento de Neonatolog\u00eda. All\u00ed nos dieron pron\u00f3sticos malos. A\u00fan as\u00ed, seguimos pidiendo tener contacto estrecho con el peque\u00f1o, al que hab\u00edamos visto dando patadas y protestando en su caja transparente&#8230;y al oir a su padre cantar, se hab\u00eda calmado. \u00a1que ternura ! D\u00f3nde hay amor, hay esperanza. Cuando pensamos que pod\u00eda haber afectado su proceso de nacer, conocemos al beb\u00e9 que est\u00e1 ingresado a su lado y le pasa lo mismo, habiendo nacido por ces\u00e1rea. Cuando pienso mil veces en cada momento de mi asistencia, me sorprende lo fluido y normal que fue todo, hasta el latido del cord\u00f3n que pod\u00eda palpar en el agua y la facilidad con la que consegu\u00ed practicar aquellas maniobras especiales, tambi\u00e9n en el agua&#8230; y c\u00f3mo NO encajaba con el malestar que present\u00f3, al nacer. Empec\u00e9 una b\u00fasqueda que pronto me llev\u00f3 a mirar a la familia desde una perspectiva m\u00e1s amplia y teniendo en cuenta sus vivencias de embarazo y de su vida hasta su infancia. Todo influye. Hab\u00eda muchos datos.<\/p>\n<p style=\"text-align: justify;\">La madre y el padre recuperaron su esp\u00edritu de batalla y pasando todo el tiempo posible con su beb\u00e9, la mam\u00e1 se estimul\u00f3 la producci\u00f3n de leche materna con \u00e9xito en muy poco tiempo. El beb\u00e9 empez\u00f3 a respirar solo. Empez\u00f3 a tomar la leche de su madre, primero por sonda. ve\u00edamos c\u00f3mo mejoraba cada d\u00eda y fueron pas\u00e1ndole a menos tratamiento y m\u00e1s brazos y mimos de mam\u00e1 y pap\u00e1. En la opini\u00f3n m\u00e9dica el beb\u00e9 segu\u00eda siendo un paciente con destino incierto. Lo que hac\u00eda el peque\u00f1o era mejorar cada d\u00eda, a la medida que sus padres estrechaban su abrazo, se entregaban a \u00e9l con una disponibilidad total&#8230;yo cocinando sopas para la madre y ayud\u00e1ndole con el finger feeding&#8230; Recibimos el apoyo moral y espiritual de dos terapeutas magn\u00edficos a los que no le importaban las miradas del personal cuando trataron al ni\u00f1o, que a\u00fan estaba en su caja transparente. Al d\u00eda siguiente sali\u00f3 de all\u00ed y pas\u00f3 a una cama. Y a m\u00e1s abrazos.&nbsp; D\u00eda 18 de diciembre a las 16h de la tarde se produjo aquel milagro: En una habitaci\u00f3n en la planta, todav\u00eda conectado a cables y monitores, en brazos de su madre, abriendo la boca, dejamos la jeringa y el dedo de lado y el ni\u00f1o se enganch\u00f3 al pecho de su madre. Y tom\u00f3 pecho por primera vez. Desde entonces no ha parado. Cuando finalmente quitaron la medicaci\u00f3n con efecto sedante, el ni\u00f1o hizo un despertar espectacular. Me encanta recibir las llamadas de sus padres que, al igual que todos, no saben qu\u00e9 hacer con un beb\u00e9 llorando. &#8230; Sonr\u00edo, les visito, ya no en el hospital, los visito en casa, en su hogar desde antes del a\u00f1o nuevo. All\u00ed est\u00e1n cuidando de su beb\u00e9 como todos los dem\u00e1s, cambiando pa\u00f1ales, aprendiendo a colocarse al ni\u00f1o en distintas posturas para amamantar, eructar, para calmarle&#8230; los paseos de d\u00eda y de noche&#8230; no encontrar tiempo ni para sentarse a comer &#8230;. No sabemos exactamente c\u00f3mo va a desarrollarse, ha dejado de preocuparles tanto tanto&#8230; porque ya es su beb\u00e9, es su ni\u00f1o, y lo aman.<br \/>\nAqu\u00ed una foto del chiquit\u00edn.<\/p>\n<p style=\"text-align: justify;\"><a href=\"http:\/\/www.claudiakaiser.es\/wp-content\/uploads\/2015\/01\/bebe1.jpg\"><img loading=\"lazy\" decoding=\"async\" class=\"alignleft size-thumbnail wp-image-549\" alt=\"Claudia Kaiser\" src=\"http:\/\/www.claudiakaiser.es\/wp-content\/uploads\/2015\/01\/bebe1-150x150.jpg\" width=\"150\" height=\"150\"><\/a><\/p>\n<p style=\"text-align: justify;\">&nbsp; Abrazos y Gracias, en&nbsp; especial a las madres de Algeciras, C\u00e1diz y Conil, a Alejandro y Susana, a &nbsp;Helen y Brian, a Manolo, a Trini, a Gema y Juan, Luzie y Adri\u00e1n y a todos y todas&nbsp; por vuestro &nbsp; &nbsp;gran apoyo y cari\u00f1o en este mes tan especial, lleno de acontecimientos y aprendizaje. Seguimos &nbsp;creciendo juntos. \u00a1 FELIZ 2015 ! Claudia<\/p>\n<p>&nbsp;<\/p>\n<p>&nbsp;<\/p>\n<p>Claudia Kaiser<br \/>\nMatrona Nr. 9053<br \/>\nt&nbsp; (34) 956 11 31 71<br \/>\nm (34) 625 891 573<\/p>\n","protected":false},"excerpt":{"rendered":"<p>Cuando un beb\u00e9 en la recta final del embarazo est\u00e1 de nalgas, pensamos que es un problema. intentamos que se de la vuelta. Cuando estudiamos la historia de la familia encontramos que la madre y una de sus hermana han nacido de nalgas, nos damos cuenta de que el mundo tambien esta poblado de gente &hellip; <\/p>\n","protected":false},"author":760,"featured_media":549,"comment_status":"open","ping_status":"open","sticky":false,"template":"","format":"standard","meta":{"_monsterinsights_skip_tracking":false,"_monsterinsights_sitenote_active":false,"_monsterinsights_sitenote_note":"","_monsterinsights_sitenote_category":0,"footnotes":""},"categories":[13],"tags":[],"class_list":["post-546","post","type-post","status-publish","format-standard","has-post-thumbnail","hentry","category-articulos"],"_links":{"self":[{"href":"https:\/\/www.claudiakaiser.es\/index.php?rest_route=\/wp\/v2\/posts\/546","targetHints":{"allow":["GET"]}}],"collection":[{"href":"https:\/\/www.claudiakaiser.es\/index.php?rest_route=\/wp\/v2\/posts"}],"about":[{"href":"https:\/\/www.claudiakaiser.es\/index.php?rest_route=\/wp\/v2\/types\/post"}],"author":[{"embeddable":true,"href":"https:\/\/www.claudiakaiser.es\/index.php?rest_route=\/wp\/v2\/users\/760"}],"replies":[{"embeddable":true,"href":"https:\/\/www.claudiakaiser.es\/index.php?rest_route=%2Fwp%2Fv2%2Fcomments&post=546"}],"version-history":[{"count":8,"href":"https:\/\/www.claudiakaiser.es\/index.php?rest_route=\/wp\/v2\/posts\/546\/revisions"}],"predecessor-version":[{"id":773,"href":"https:\/\/www.claudiakaiser.es\/index.php?rest_route=\/wp\/v2\/posts\/546\/revisions\/773"}],"wp:featuredmedia":[{"embeddable":true,"href":"https:\/\/www.claudiakaiser.es\/index.php?rest_route=\/wp\/v2\/media\/549"}],"wp:attachment":[{"href":"https:\/\/www.claudiakaiser.es\/index.php?rest_route=%2Fwp%2Fv2%2Fmedia&parent=546"}],"wp:term":[{"taxonomy":"category","embeddable":true,"href":"https:\/\/www.claudiakaiser.es\/index.php?rest_route=%2Fwp%2Fv2%2Fcategories&post=546"},{"taxonomy":"post_tag","embeddable":true,"href":"https:\/\/www.claudiakaiser.es\/index.php?rest_route=%2Fwp%2Fv2%2Ftags&post=546"}],"curies":[{"name":"wp","href":"https:\/\/api.w.org\/{rel}","templated":true}]}}