
{"id":524,"date":"2014-12-02T15:57:07","date_gmt":"2014-12-02T15:57:07","guid":{"rendered":"http:\/\/www.claudiakaiser.es\/?p=524"},"modified":"2020-11-05T10:37:52","modified_gmt":"2020-11-05T10:37:52","slug":"curso-de-preparacion-conil-invierno-2015","status":"publish","type":"post","link":"https:\/\/www.claudiakaiser.es\/?p=524","title":{"rendered":"Curso de preparaci\u00f3n, Conil,  Invierno 2015"},"content":{"rendered":"<p><img loading=\"lazy\" decoding=\"async\" class=\"alignleft size-thumbnail wp-image-430\" alt=\"20131210_184528\" src=\"http:\/\/www.claudiakaiser.es\/wp-content\/uploads\/2013\/12\/20131210_184528-150x150.jpg\" width=\"150\" height=\"150\"><\/p>\n<p>Hola Familias, me alegro mucho de anunciar el comienzo del nuevo curso de preparaci\u00f3n a la&nbsp;maternidad y paternidad , en el que pod\u00e9is participar. Mi objetivo con este trabajo es, como siempre crear un grupo, contactos y ambiente sano y cercano,&nbsp;&nbsp;facilitar la salud , la alegr\u00eda y el bienestar de la familia en el proceso del embarazo, parto y postparto, abriendo perspectivas y&nbsp;posibilidades para parir y nacer, criar y crecer de manera sana y feliz.<\/p>\n<div>Os invito a participar a la <strong>CHARLA GRATUITA Y ABIERTA&nbsp;<\/strong><\/div>\n<div>Viernes 12 de diciembre 2014 a las 19 h a conocernos y \u00bb probar \u00bb un poco los aires del curso. Escog\u00ed viernes como d\u00eda de la charla y como d\u00eda del&nbsp;curso para facilitar viajes y asistencias de algunas parejas interesadas.&nbsp;Trae a tus amistades o bien pasa el mail a otros que est\u00e9n interesados. Muchas gracias<\/div>\n<div><\/div>\n<p>Sin m\u00e1s , os dejo en un pdf&nbsp;el programa del curso y el enlace para llegar a<\/p>\n<div><a href=\"http:\/\/www.naturavid.com\/\" target=\"_blank\" rel=\"noopener noreferrer\">www.naturavid.com<\/a><\/div>\n<div>Conil, Colorado<\/div>\n<div><\/div>\n<div>y estoy disponible en 625 891 573<\/div>\n<div>para vuestras preguntas<\/div>\n<div><\/div>\n<div>un abrazo!<\/div>\n<div>al servicio de la vida ,<\/div>\n","protected":false},"excerpt":{"rendered":"<p>Hola Familias, me alegro mucho de anunciar el comienzo del nuevo curso de preparaci\u00f3n a la&nbsp;maternidad y paternidad , en el que pod\u00e9is participar. Mi objetivo con este trabajo es, como siempre crear un grupo, contactos y ambiente sano y cercano,&nbsp;&nbsp;facilitar la salud , la alegr\u00eda y el bienestar de la familia en el proceso &hellip; <\/p>\n","protected":false},"author":760,"featured_media":430,"comment_status":"open","ping_status":"open","sticky":false,"template":"","format":"standard","meta":{"_monsterinsights_skip_tracking":false,"_monsterinsights_sitenote_active":false,"_monsterinsights_sitenote_note":"","_monsterinsights_sitenote_category":0,"footnotes":""},"categories":[1],"tags":[],"class_list":["post-524","post","type-post","status-publish","format-standard","has-post-thumbnail","hentry","category-cursos-y-grupos"],"_links":{"self":[{"href":"https:\/\/www.claudiakaiser.es\/index.php?rest_route=\/wp\/v2\/posts\/524","targetHints":{"allow":["GET"]}}],"collection":[{"href":"https:\/\/www.claudiakaiser.es\/index.php?rest_route=\/wp\/v2\/posts"}],"about":[{"href":"https:\/\/www.claudiakaiser.es\/index.php?rest_route=\/wp\/v2\/types\/post"}],"author":[{"embeddable":true,"href":"https:\/\/www.claudiakaiser.es\/index.php?rest_route=\/wp\/v2\/users\/760"}],"replies":[{"embeddable":true,"href":"https:\/\/www.claudiakaiser.es\/index.php?rest_route=%2Fwp%2Fv2%2Fcomments&post=524"}],"version-history":[{"count":3,"href":"https:\/\/www.claudiakaiser.es\/index.php?rest_route=\/wp\/v2\/posts\/524\/revisions"}],"predecessor-version":[{"id":776,"href":"https:\/\/www.claudiakaiser.es\/index.php?rest_route=\/wp\/v2\/posts\/524\/revisions\/776"}],"wp:featuredmedia":[{"embeddable":true,"href":"https:\/\/www.claudiakaiser.es\/index.php?rest_route=\/wp\/v2\/media\/430"}],"wp:attachment":[{"href":"https:\/\/www.claudiakaiser.es\/index.php?rest_route=%2Fwp%2Fv2%2Fmedia&parent=524"}],"wp:term":[{"taxonomy":"category","embeddable":true,"href":"https:\/\/www.claudiakaiser.es\/index.php?rest_route=%2Fwp%2Fv2%2Fcategories&post=524"},{"taxonomy":"post_tag","embeddable":true,"href":"https:\/\/www.claudiakaiser.es\/index.php?rest_route=%2Fwp%2Fv2%2Ftags&post=524"}],"curies":[{"name":"wp","href":"https:\/\/api.w.org\/{rel}","templated":true}]}}