
{"id":438,"date":"2014-01-29T06:55:47","date_gmt":"2014-01-29T06:55:47","guid":{"rendered":"http:\/\/www.claudiakaiser.es\/?p=438"},"modified":"2020-11-05T10:45:20","modified_gmt":"2020-11-05T10:45:20","slug":"438","status":"publish","type":"post","link":"https:\/\/www.claudiakaiser.es\/?p=438","title":{"rendered":"Caf\u00e9 Mam\u00e1"},"content":{"rendered":"<p><strong>Caf\u00e9 Mam\u00e1<\/strong><\/p>\n<p>Grupo mam\u00e1,pap\u00e1, beb\u00e9, llamado tambien&nbsp;caf\u00e9 Mam\u00e1 en su versi\u00f3n abreviada, con cari\u00f1o e incluyendo a&nbsp;toda la familia.<br \/>\ncada segundo jueves de 11 a 13 h en mi casa en Conil.&nbsp;&nbsp;Est\u00e1n invitadas\/os a&nbsp;conocer&nbsp;a gente, a&nbsp;pasarlo bien con los beb\u00e9s. estamos en el suelo para acompa\u00f1ar a los beb\u00e9s ofreciendoles espacio y libertad de movimiento.&nbsp;Ofrezco tambien apoyo a la lactancia materna,<span style=\"text-decoration: underline;\"> asesoramiento,&nbsp; apoyo practico y emocional al postparto<\/span>. <strong>&nbsp;<span style=\"color: #808080;\">\u00a1Bienvenidas las embarazadas!&nbsp;<\/span><\/strong><\/p>\n<div>Las reuniones son abiertas y gratuitas, no obstante les pido que me llamen o escriban antes de acudir<\/div>\n<div>para darles instrucciones como llegar&nbsp;y confirmar asistencia&nbsp;por mi parte. \u00a1Casi siempre estoy de guardia para un parto!<\/div>\n<div><\/div>\n<div><strong>Caf\u00e9 mam\u00e1 en enero<\/strong> : jueves,&nbsp;&nbsp;30 enero,&nbsp;11-13h<\/div>\n<div><strong>Caf\u00e9 mam\u00e1 en febrero<\/strong> : jueves 13 y 27 de febrero 11-13h<\/div>\n<div><a href=\"http:\/\/www.claudiakaiser.es\/wp-content\/uploads\/2014\/01\/la-foto1.jpg\"><img loading=\"lazy\" decoding=\"async\" class=\"alignleft size-thumbnail wp-image-440\" alt=\"Caf\u00e9 mam\u00e1\" src=\"http:\/\/www.claudiakaiser.es\/wp-content\/uploads\/2014\/01\/la-foto1-150x150.jpg\" width=\"150\" height=\"150\"><\/a><\/div>\n","protected":false},"excerpt":{"rendered":"<p>Caf\u00e9 Mam\u00e1 Grupo mam\u00e1,pap\u00e1, beb\u00e9, llamado tambien&nbsp;caf\u00e9 Mam\u00e1 en su versi\u00f3n abreviada, con cari\u00f1o e incluyendo a&nbsp;toda la familia. cada segundo jueves de 11 a 13 h en mi casa en Conil.&nbsp;&nbsp;Est\u00e1n invitadas\/os a&nbsp;conocer&nbsp;a gente, a&nbsp;pasarlo bien con los beb\u00e9s. estamos en el suelo para acompa\u00f1ar a los beb\u00e9s ofreciendoles espacio y libertad de movimiento.&nbsp;Ofrezco &hellip; <\/p>\n","protected":false},"author":760,"featured_media":440,"comment_status":"open","ping_status":"open","sticky":false,"template":"","format":"standard","meta":{"_monsterinsights_skip_tracking":false,"_monsterinsights_sitenote_active":false,"_monsterinsights_sitenote_note":"","_monsterinsights_sitenote_category":0,"footnotes":""},"categories":[1],"tags":[],"class_list":["post-438","post","type-post","status-publish","format-standard","has-post-thumbnail","hentry","category-cursos-y-grupos"],"_links":{"self":[{"href":"https:\/\/www.claudiakaiser.es\/index.php?rest_route=\/wp\/v2\/posts\/438","targetHints":{"allow":["GET"]}}],"collection":[{"href":"https:\/\/www.claudiakaiser.es\/index.php?rest_route=\/wp\/v2\/posts"}],"about":[{"href":"https:\/\/www.claudiakaiser.es\/index.php?rest_route=\/wp\/v2\/types\/post"}],"author":[{"embeddable":true,"href":"https:\/\/www.claudiakaiser.es\/index.php?rest_route=\/wp\/v2\/users\/760"}],"replies":[{"embeddable":true,"href":"https:\/\/www.claudiakaiser.es\/index.php?rest_route=%2Fwp%2Fv2%2Fcomments&post=438"}],"version-history":[{"count":3,"href":"https:\/\/www.claudiakaiser.es\/index.php?rest_route=\/wp\/v2\/posts\/438\/revisions"}],"predecessor-version":[{"id":786,"href":"https:\/\/www.claudiakaiser.es\/index.php?rest_route=\/wp\/v2\/posts\/438\/revisions\/786"}],"wp:featuredmedia":[{"embeddable":true,"href":"https:\/\/www.claudiakaiser.es\/index.php?rest_route=\/wp\/v2\/media\/440"}],"wp:attachment":[{"href":"https:\/\/www.claudiakaiser.es\/index.php?rest_route=%2Fwp%2Fv2%2Fmedia&parent=438"}],"wp:term":[{"taxonomy":"category","embeddable":true,"href":"https:\/\/www.claudiakaiser.es\/index.php?rest_route=%2Fwp%2Fv2%2Fcategories&post=438"},{"taxonomy":"post_tag","embeddable":true,"href":"https:\/\/www.claudiakaiser.es\/index.php?rest_route=%2Fwp%2Fv2%2Ftags&post=438"}],"curies":[{"name":"wp","href":"https:\/\/api.w.org\/{rel}","templated":true}]}}