
{"id":429,"date":"2013-12-18T13:53:50","date_gmt":"2013-12-18T13:53:50","guid":{"rendered":"http:\/\/www.claudiakaiser.es\/?p=429"},"modified":"2020-11-05T10:46:13","modified_gmt":"2020-11-05T10:46:13","slug":"429","status":"publish","type":"post","link":"https:\/\/www.claudiakaiser.es\/?p=429","title":{"rendered":"Final del curso de preparaci\u00f3n en el Palmar"},"content":{"rendered":"<p><a href=\"http:\/\/www.claudiakaiser.es\/wp-content\/uploads\/2013\/12\/20131210_184528.jpg\"><img loading=\"lazy\" decoding=\"async\" class=\"alignleft size-thumbnail wp-image-430\" title=\"Reuni\u00f3n Palmar\" alt=\"20131210_184528\" src=\"http:\/\/www.claudiakaiser.es\/wp-content\/uploads\/2013\/12\/20131210_184528-150x150.jpg\" width=\"150\" height=\"150\"><\/a>Finalizando nuestro curso de preparaci\u00f3n en El Palmar &#8230;. lo bueno es , que no s\u00f3lo ha nacido el primero de nuestros beb\u00e9s !!!BIENVENIDO \u00c1LVARO!!! .. Hemos creado confianza y buenas relaciones&#8230;y en realidad no terminamos, sino empezamos las amistades y un bonito grupo que siente y desprende cari\u00f1o y alegr\u00eda y las ganas de compartir lo m\u00e1s grande y lo m\u00e1s bonito de nuestras vidas, ser madres, padres, ser familia. Familia, cada una creando la suya, y juntos creando una m\u00e1s grande, para compartir y disfrutar, para crecer juntos. Gracias Rut, Antonio, Lucie, Omar, Luz, Antonio, Laura, Josefina, Fernando, Marisa, Fran, Marisita, Isa, Charly, Sofia, \u00c1lvaro&#8230;. Y a todos nuestros beb\u00e9s, nacido y no nacidos.<\/p>\n<p>\u00a1 FELIZ NAVIDAD, SALUD , AMOR , PAZ<\/p>\n<p>PROSPERIDAD y BUENA SUERTE ,BUENOS NACIMIENTOS ! Nos vemos con beb\u00e9s en brazos,&#8230;. en el 2014!<\/p>\n<p>&nbsp;<\/p>\n<p>&nbsp;<\/p>\n","protected":false},"excerpt":{"rendered":"<p>Finalizando nuestro curso de preparaci\u00f3n en El Palmar &#8230;. lo bueno es , que no s\u00f3lo ha nacido el primero de nuestros beb\u00e9s !!!BIENVENIDO \u00c1LVARO!!! .. Hemos creado confianza y buenas relaciones&#8230;y en realidad no terminamos, sino empezamos las amistades y un bonito grupo que siente y desprende cari\u00f1o y alegr\u00eda y las ganas de &hellip; <\/p>\n","protected":false},"author":760,"featured_media":430,"comment_status":"open","ping_status":"open","sticky":false,"template":"","format":"standard","meta":{"_monsterinsights_skip_tracking":false,"_monsterinsights_sitenote_active":false,"_monsterinsights_sitenote_note":"","_monsterinsights_sitenote_category":0,"footnotes":""},"categories":[1],"tags":[],"class_list":["post-429","post","type-post","status-publish","format-standard","has-post-thumbnail","hentry","category-cursos-y-grupos"],"_links":{"self":[{"href":"https:\/\/www.claudiakaiser.es\/index.php?rest_route=\/wp\/v2\/posts\/429","targetHints":{"allow":["GET"]}}],"collection":[{"href":"https:\/\/www.claudiakaiser.es\/index.php?rest_route=\/wp\/v2\/posts"}],"about":[{"href":"https:\/\/www.claudiakaiser.es\/index.php?rest_route=\/wp\/v2\/types\/post"}],"author":[{"embeddable":true,"href":"https:\/\/www.claudiakaiser.es\/index.php?rest_route=\/wp\/v2\/users\/760"}],"replies":[{"embeddable":true,"href":"https:\/\/www.claudiakaiser.es\/index.php?rest_route=%2Fwp%2Fv2%2Fcomments&post=429"}],"version-history":[{"count":4,"href":"https:\/\/www.claudiakaiser.es\/index.php?rest_route=\/wp\/v2\/posts\/429\/revisions"}],"predecessor-version":[{"id":787,"href":"https:\/\/www.claudiakaiser.es\/index.php?rest_route=\/wp\/v2\/posts\/429\/revisions\/787"}],"wp:featuredmedia":[{"embeddable":true,"href":"https:\/\/www.claudiakaiser.es\/index.php?rest_route=\/wp\/v2\/media\/430"}],"wp:attachment":[{"href":"https:\/\/www.claudiakaiser.es\/index.php?rest_route=%2Fwp%2Fv2%2Fmedia&parent=429"}],"wp:term":[{"taxonomy":"category","embeddable":true,"href":"https:\/\/www.claudiakaiser.es\/index.php?rest_route=%2Fwp%2Fv2%2Fcategories&post=429"},{"taxonomy":"post_tag","embeddable":true,"href":"https:\/\/www.claudiakaiser.es\/index.php?rest_route=%2Fwp%2Fv2%2Ftags&post=429"}],"curies":[{"name":"wp","href":"https:\/\/api.w.org\/{rel}","templated":true}]}}